{"id":3036,"date":"2019-01-07T12:25:36","date_gmt":"2019-01-07T10:25:36","guid":{"rendered":"http:\/\/www.lapinkanakoirat.com\/?p=3036"},"modified":"2019-01-07T12:25:36","modified_gmt":"2019-01-07T10:25:36","slug":"vuosikokous-23-2-2019","status":"publish","type":"post","link":"https:\/\/www.lapinkanakoirat.com\/?p=3036","title":{"rendered":"Vuosikokous 23.2.2019"},"content":{"rendered":"<p><span class=\"fsl\" data-testid=\"event-permalink-details\">Yhdistyksen s\u00e4\u00e4nt\u00f6m\u00e4\u00e4r\u00e4inen vuosikokous pidet\u00e4\u00e4n lauantaina 23.2.2019 Rovaniemell\u00e4 Ketapirteill\u00e4. Pirtill\u00e4 mahdollisuus istua iltaa ja saunoakin niin halutessaan.<br \/>\nAloitetaan kokous noin klo 16.00, aiemminkin paikalle voi saapua.<\/span><\/p>\n<div id=\"u_0_o\" class=\"_li\">\n<div id=\"globalContainer\" class=\"uiContextualLayerParent\">\n<div id=\"content\" class=\"fb_content clearfix \" data-referrer=\"content\">\n<div class=\"clearfix\">\n<div class=\"_1qkq _1ql0\">\n<div id=\"content_container\">\n<div class=\"clearfix\">\n<div id=\"js_un\" class=\"_2pie _14i5 _1qkq _1qkx\">\n<div class=\"_5zae _5vb_\" data-testid=\"event-permalink-main-column\">\n<div>\n<div id=\"event_tabs\">\n<div id=\"event_description\" data-referrer=\"event_description\">\n<div class=\"_4-u2 _36i5 _4-u8\">\n<div class=\"_1w2q\"><span class=\"fsl\" data-testid=\"event-permalink-details\"> Ketapirtin sijainti: <a href=\"http:\/\/sem.mine.nu\/dokumentit\/ketapirtti_low.pdf?fbclid=IwAR3tSryQXTJvZVsTrtbvBnMxxJd_Hk81JvVKhYiQNhYWjqvItel0YL_G27A\" target=\"_blank\" rel=\"nofollow noopener noreferrer\" data-lynx-uri=\"https:\/\/l.facebook.com\/l.php?u=http%3A%2F%2Fsem.mine.nu%2Fdokumentit%2Fketapirtti_low.pdf%3Ffbclid%3DIwAR3tSryQXTJvZVsTrtbvBnMxxJd_Hk81JvVKhYiQNhYWjqvItel0YL_G27A&amp;h=AT24Esbkk1A3DBW6utodgj-kehkN9N5zDQqToetMyaCFj7HWp559amCxdg9NYJb08dx4Rt-cjqqVf_vu25z_QgGMOK9zmfpDn_lKS1o7C7T7MCD83uXG4CLj8msVIOuWu4Q\" data-lynx-mode=\"origin\">http:\/\/sem.mine.nu\/<wbr \/>dokumentit\/<wbr \/>ketapirtti_low.pdf<\/a><\/span><\/div>\n<\/div>\n<\/div>\n<\/div>\n<\/div>\n<\/div>\n<\/div>\n<\/div>\n<\/div>\n<\/div>\n<\/div>\n<\/div>\n<\/div>\n<\/div>\n","protected":false},"excerpt":{"rendered":"Yhdistyksen s\u00e4\u00e4nt\u00f6m\u00e4\u00e4r\u00e4inen vuosikokous pidet\u00e4\u00e4n lauantaina 23.2.2019 Rovaniemell\u00e4 Ketapirteill\u00e4. Pirtill\u00e4 mahdollisuus istua iltaa ja saunoakin niin halutessaan. Aloitetaan kokous noin klo 16.00, aiemminkin paikalle voi saapua. Ketapirtin sijainti: http:\/\/sem.mine.nu\/dokumentit\/ketapirtti_low.pdf","protected":false},"author":1,"featured_media":0,"comment_status":"closed","ping_status":"closed","sticky":false,"template":"","format":"standard","meta":{"footnotes":""},"categories":[1],"tags":[],"class_list":["post-3036","post","type-post","status-publish","format-standard","hentry","category-yleinen"],"_links":{"self":[{"href":"https:\/\/www.lapinkanakoirat.com\/index.php?rest_route=\/wp\/v2\/posts\/3036","targetHints":{"allow":["GET"]}}],"collection":[{"href":"https:\/\/www.lapinkanakoirat.com\/index.php?rest_route=\/wp\/v2\/posts"}],"about":[{"href":"https:\/\/www.lapinkanakoirat.com\/index.php?rest_route=\/wp\/v2\/types\/post"}],"author":[{"embeddable":true,"href":"https:\/\/www.lapinkanakoirat.com\/index.php?rest_route=\/wp\/v2\/users\/1"}],"replies":[{"embeddable":true,"href":"https:\/\/www.lapinkanakoirat.com\/index.php?rest_route=%2Fwp%2Fv2%2Fcomments&post=3036"}],"version-history":[{"count":1,"href":"https:\/\/www.lapinkanakoirat.com\/index.php?rest_route=\/wp\/v2\/posts\/3036\/revisions"}],"predecessor-version":[{"id":3037,"href":"https:\/\/www.lapinkanakoirat.com\/index.php?rest_route=\/wp\/v2\/posts\/3036\/revisions\/3037"}],"wp:attachment":[{"href":"https:\/\/www.lapinkanakoirat.com\/index.php?rest_route=%2Fwp%2Fv2%2Fmedia&parent=3036"}],"wp:term":[{"taxonomy":"category","embeddable":true,"href":"https:\/\/www.lapinkanakoirat.com\/index.php?rest_route=%2Fwp%2Fv2%2Fcategories&post=3036"},{"taxonomy":"post_tag","embeddable":true,"href":"https:\/\/www.lapinkanakoirat.com\/index.php?rest_route=%2Fwp%2Fv2%2Ftags&post=3036"}],"curies":[{"name":"wp","href":"https:\/\/api.w.org\/{rel}","templated":true}]}}